{"id":947,"date":"2022-02-22T08:28:16","date_gmt":"2022-02-22T08:28:16","guid":{"rendered":"https:\/\/www.ascaureliodeleon.es\/?p=947"},"modified":"2025-07-23T10:15:38","modified_gmt":"2025-07-23T10:15:38","slug":"curso-de-cocina-castellana-2022","status":"publish","type":"post","link":"https:\/\/www.ascaureliodeleon.es\/index.php\/2022\/02\/22\/curso-de-cocina-castellana-2022\/","title":{"rendered":"Curso de cocina Castellana 2022"},"content":{"rendered":"\n<p>Curso de iniciaci\u00f3n te\u00f3rico- practico<br>Cada lunes degustaremos lo cocinado ese d\u00eda<br>Horario: lunes de 10 a 12 h. de la ma\u00f1ana<br>Temporalizaci\u00f3n: Marzo, Abril y Mayo<br>Las personas interesadas pueden inscribirse lo antes posible,<br>En la sede de la Asociaci\u00f3n: C\/ la Zona, 22 2\u00bapiso<br>Organizado por la Asociaci\u00f3n socio-cultural Aurelio de Le\u00f3n<\/p>\n\n\n\n<figure class=\"wp-block-image size-full\"><img fetchpriority=\"high\" decoding=\"async\" width=\"702\" height=\"562\" src=\"https:\/\/www.ascaureliodeleon.es\/wp-content\/uploads\/2022\/02\/curso_cocina_castellana.jpg\" alt=\"\" class=\"wp-image-948\" srcset=\"https:\/\/www.ascaureliodeleon.es\/wp-content\/uploads\/2022\/02\/curso_cocina_castellana.jpg 702w, https:\/\/www.ascaureliodeleon.es\/wp-content\/uploads\/2022\/02\/curso_cocina_castellana-300x240.jpg 300w\" sizes=\"(max-width: 702px) 100vw, 702px\" \/><\/figure>\n","protected":false},"excerpt":{"rendered":"<p>Curso de iniciaci\u00f3n te\u00f3rico- practicoCada lunes degustaremos lo cocinado ese d\u00edaHorario: lunes de 10 a 12 h. de la ma\u00f1anaTemporalizaci\u00f3n: Marzo, Abril y MayoLas personas interesadas pueden inscribirse lo antes posible,En la sede de la Asociaci\u00f3n: C\/ la Zona, 22 2\u00bapisoOrganizado por la Asociaci\u00f3n socio-cultural Aurelio de Le\u00f3n<\/p>\n","protected":false},"author":2,"featured_media":948,"comment_status":"closed","ping_status":"closed","sticky":false,"template":"","format":"standard","meta":{"footnotes":""},"categories":[8],"tags":[],"class_list":["post-947","post","type-post","status-publish","format-standard","has-post-thumbnail","hentry","category-noticias"],"_links":{"self":[{"href":"https:\/\/www.ascaureliodeleon.es\/index.php\/wp-json\/wp\/v2\/posts\/947","targetHints":{"allow":["GET"]}}],"collection":[{"href":"https:\/\/www.ascaureliodeleon.es\/index.php\/wp-json\/wp\/v2\/posts"}],"about":[{"href":"https:\/\/www.ascaureliodeleon.es\/index.php\/wp-json\/wp\/v2\/types\/post"}],"author":[{"embeddable":true,"href":"https:\/\/www.ascaureliodeleon.es\/index.php\/wp-json\/wp\/v2\/users\/2"}],"replies":[{"embeddable":true,"href":"https:\/\/www.ascaureliodeleon.es\/index.php\/wp-json\/wp\/v2\/comments?post=947"}],"version-history":[{"count":1,"href":"https:\/\/www.ascaureliodeleon.es\/index.php\/wp-json\/wp\/v2\/posts\/947\/revisions"}],"predecessor-version":[{"id":980,"href":"https:\/\/www.ascaureliodeleon.es\/index.php\/wp-json\/wp\/v2\/posts\/947\/revisions\/980"}],"wp:featuredmedia":[{"embeddable":true,"href":"https:\/\/www.ascaureliodeleon.es\/index.php\/wp-json\/wp\/v2\/media\/948"}],"wp:attachment":[{"href":"https:\/\/www.ascaureliodeleon.es\/index.php\/wp-json\/wp\/v2\/media?parent=947"}],"wp:term":[{"taxonomy":"category","embeddable":true,"href":"https:\/\/www.ascaureliodeleon.es\/index.php\/wp-json\/wp\/v2\/categories?post=947"},{"taxonomy":"post_tag","embeddable":true,"href":"https:\/\/www.ascaureliodeleon.es\/index.php\/wp-json\/wp\/v2\/tags?post=947"}],"curies":[{"name":"wp","href":"https:\/\/api.w.org\/{rel}","templated":true}]}}