{"id":955,"date":"2022-04-27T08:53:24","date_gmt":"2022-04-27T08:53:24","guid":{"rendered":"https:\/\/www.ascaureliodeleon.es\/?p=955"},"modified":"2025-07-23T10:15:38","modified_gmt":"2025-07-23T10:15:38","slug":"actividad-del-dia-del-libro","status":"publish","type":"post","link":"https:\/\/www.ascaureliodeleon.es\/index.php\/2022\/04\/27\/actividad-del-dia-del-libro\/","title":{"rendered":"Actividad del D\u00eda del Libro"},"content":{"rendered":"\n<p>En la Asociaci\u00f3n Socio-Cultural Aurelio de Le\u00f3n los alumnos\/as de la clase de pintura han trabajado el 23 de abril d\u00eda del Libro, con la autora Rosa Mart\u00ednez Moratalla. Profesora de pintura de nuestros\/as y autora de \u201cPALABRAS QUE MIS LATIDOS CUENTAN Y para colmo sin avisar\u2026\u201d. La finalidad de esta actividad es motivar a los alumnos\/as a conocer el libro de forma divertida, se ha fomentado la lectura y escritura a trav\u00e9s de los sentimientos y emociones. Ellos\/as mismos han elegido su cap\u00edtulo favorito o el que m\u00e1s le ha llenado y trasmitido. Han pintado su propia obra, acompa\u00f1ada de rimas y versos que ellos han creado.<br>Esta es una de las muchas actividades m\u00e1s que realiza la Asociaci\u00f3n Socio-Cultural Aurelio de Le\u00f3n para trabajar con ni\u00f1os\/as.<\/p>\n\n\n\n<figure class=\"wp-block-gallery has-nested-images columns-default is-cropped wp-block-gallery-1 is-layout-flex wp-block-gallery-is-layout-flex\">\n<figure class=\"wp-block-image size-large\"><img fetchpriority=\"high\" decoding=\"async\" width=\"1200\" height=\"1600\" data-id=\"957\" src=\"https:\/\/www.ascaureliodeleon.es\/wp-content\/uploads\/2022\/04\/dl_1.jpg\" alt=\"\" class=\"wp-image-957\" srcset=\"https:\/\/www.ascaureliodeleon.es\/wp-content\/uploads\/2022\/04\/dl_1.jpg 1200w, https:\/\/www.ascaureliodeleon.es\/wp-content\/uploads\/2022\/04\/dl_1-225x300.jpg 225w, https:\/\/www.ascaureliodeleon.es\/wp-content\/uploads\/2022\/04\/dl_1-768x1024.jpg 768w, https:\/\/www.ascaureliodeleon.es\/wp-content\/uploads\/2022\/04\/dl_1-1152x1536.jpg 1152w\" sizes=\"(max-width: 1200px) 100vw, 1200px\" \/><\/figure>\n\n\n\n<figure class=\"wp-block-image size-large\"><img decoding=\"async\" width=\"1200\" height=\"1600\" data-id=\"958\" src=\"https:\/\/www.ascaureliodeleon.es\/wp-content\/uploads\/2022\/04\/dl_2.jpg\" alt=\"\" class=\"wp-image-958\" srcset=\"https:\/\/www.ascaureliodeleon.es\/wp-content\/uploads\/2022\/04\/dl_2.jpg 1200w, https:\/\/www.ascaureliodeleon.es\/wp-content\/uploads\/2022\/04\/dl_2-225x300.jpg 225w, https:\/\/www.ascaureliodeleon.es\/wp-content\/uploads\/2022\/04\/dl_2-768x1024.jpg 768w, https:\/\/www.ascaureliodeleon.es\/wp-content\/uploads\/2022\/04\/dl_2-1152x1536.jpg 1152w\" sizes=\"(max-width: 1200px) 100vw, 1200px\" \/><\/figure>\n\n\n\n<figure class=\"wp-block-image size-large\"><img decoding=\"async\" width=\"1200\" height=\"1600\" data-id=\"959\" src=\"https:\/\/www.ascaureliodeleon.es\/wp-content\/uploads\/2022\/04\/dl_3.jpg\" alt=\"\" class=\"wp-image-959\" srcset=\"https:\/\/www.ascaureliodeleon.es\/wp-content\/uploads\/2022\/04\/dl_3.jpg 1200w, https:\/\/www.ascaureliodeleon.es\/wp-content\/uploads\/2022\/04\/dl_3-225x300.jpg 225w, https:\/\/www.ascaureliodeleon.es\/wp-content\/uploads\/2022\/04\/dl_3-768x1024.jpg 768w, https:\/\/www.ascaureliodeleon.es\/wp-content\/uploads\/2022\/04\/dl_3-1152x1536.jpg 1152w\" sizes=\"(max-width: 1200px) 100vw, 1200px\" \/><\/figure>\n\n\n\n<figure class=\"wp-block-image size-large\"><img loading=\"lazy\" decoding=\"async\" width=\"1200\" height=\"1600\" data-id=\"960\" src=\"https:\/\/www.ascaureliodeleon.es\/wp-content\/uploads\/2022\/04\/dl_4.jpg\" alt=\"\" class=\"wp-image-960\" srcset=\"https:\/\/www.ascaureliodeleon.es\/wp-content\/uploads\/2022\/04\/dl_4.jpg 1200w, https:\/\/www.ascaureliodeleon.es\/wp-content\/uploads\/2022\/04\/dl_4-225x300.jpg 225w, https:\/\/www.ascaureliodeleon.es\/wp-content\/uploads\/2022\/04\/dl_4-768x1024.jpg 768w, https:\/\/www.ascaureliodeleon.es\/wp-content\/uploads\/2022\/04\/dl_4-1152x1536.jpg 1152w\" sizes=\"(max-width: 1200px) 100vw, 1200px\" \/><\/figure>\n<\/figure>\n","protected":false},"excerpt":{"rendered":"<p>En la Asociaci\u00f3n Socio-Cultural Aurelio de Le\u00f3n los alumnos\/as de la clase de pintura han trabajado el 23 de abril d\u00eda del Libro, con la autora Rosa Mart\u00ednez Moratalla. Profesora de pintura de nuestros\/as y autora de \u201cPALABRAS QUE MIS LATIDOS CUENTAN Y para colmo sin avisar\u2026\u201d. La finalidad de esta actividad es motivar a [&hellip;]<\/p>\n","protected":false},"author":2,"featured_media":956,"comment_status":"closed","ping_status":"closed","sticky":false,"template":"","format":"standard","meta":{"footnotes":""},"categories":[8],"tags":[],"class_list":["post-955","post","type-post","status-publish","format-standard","has-post-thumbnail","hentry","category-noticias"],"_links":{"self":[{"href":"https:\/\/www.ascaureliodeleon.es\/index.php\/wp-json\/wp\/v2\/posts\/955","targetHints":{"allow":["GET"]}}],"collection":[{"href":"https:\/\/www.ascaureliodeleon.es\/index.php\/wp-json\/wp\/v2\/posts"}],"about":[{"href":"https:\/\/www.ascaureliodeleon.es\/index.php\/wp-json\/wp\/v2\/types\/post"}],"author":[{"embeddable":true,"href":"https:\/\/www.ascaureliodeleon.es\/index.php\/wp-json\/wp\/v2\/users\/2"}],"replies":[{"embeddable":true,"href":"https:\/\/www.ascaureliodeleon.es\/index.php\/wp-json\/wp\/v2\/comments?post=955"}],"version-history":[{"count":1,"href":"https:\/\/www.ascaureliodeleon.es\/index.php\/wp-json\/wp\/v2\/posts\/955\/revisions"}],"predecessor-version":[{"id":978,"href":"https:\/\/www.ascaureliodeleon.es\/index.php\/wp-json\/wp\/v2\/posts\/955\/revisions\/978"}],"wp:featuredmedia":[{"embeddable":true,"href":"https:\/\/www.ascaureliodeleon.es\/index.php\/wp-json\/wp\/v2\/media\/956"}],"wp:attachment":[{"href":"https:\/\/www.ascaureliodeleon.es\/index.php\/wp-json\/wp\/v2\/media?parent=955"}],"wp:term":[{"taxonomy":"category","embeddable":true,"href":"https:\/\/www.ascaureliodeleon.es\/index.php\/wp-json\/wp\/v2\/categories?post=955"},{"taxonomy":"post_tag","embeddable":true,"href":"https:\/\/www.ascaureliodeleon.es\/index.php\/wp-json\/wp\/v2\/tags?post=955"}],"curies":[{"name":"wp","href":"https:\/\/api.w.org\/{rel}","templated":true}]}}